{"id":45619,"date":"2025-09-16T00:00:10","date_gmt":"2025-09-16T00:00:10","guid":{"rendered":"https:\/\/cancunwaves.com\/?p=45619"},"modified":"2025-09-16T00:10:38","modified_gmt":"2025-09-16T00:10:38","slug":"marta-borrero-se-une-a-la-ola-bienvenida-a-cancun-waves","status":"publish","type":"post","link":"https:\/\/cancunwaves.com\/en\/marta-borrero-se-une-a-la-ola-bienvenida-a-cancun-waves\/","title":{"rendered":"Marta Borrero joins the wave: welcome to Canc\u00fan Waves"},"content":{"rendered":"<div data-elementor-type=\"wp-post\" data-elementor-id=\"45619\" class=\"elementor elementor-45619\">\n\t\t\t\t\t\t<section class=\"elementor-section elementor-top-section elementor-element elementor-element-213b0262 elementor-section-boxed elementor-section-height-default elementor-section-height-default sc_fly_static\" data-id=\"213b0262\" data-element_type=\"section\" data-e-type=\"section\">\n\t\t\t\t\t\t<div class=\"elementor-container elementor-column-gap-extended\">\n\t\t\t\t\t<div class=\"elementor-column elementor-col-100 elementor-top-column elementor-element elementor-element-179c55a7 sc_content_align_inherit sc_layouts_column_icons_position_left sc_fly_static\" data-id=\"179c55a7\" data-element_type=\"column\" data-e-type=\"column\">\n\t\t\t<div class=\"elementor-widget-wrap elementor-element-populated\">\n\t\t\t\t\t\t<div class=\"elementor-element elementor-element-530cb3ee sc_fly_static elementor-widget elementor-widget-text-editor\" data-id=\"530cb3ee\" data-element_type=\"widget\" data-e-type=\"widget\" data-widget_type=\"text-editor.default\">\n\t\t\t\t<div class=\"elementor-widget-container\">\n\t\t\t\t\t\t\t\t\t<h5>Canc\u00fan Waves is proud to announce the addition of Marta Borrero, a talented Spanish player who will join the team to compete in the City's Cup Finals in New York, pairing with Sof\u00eda Saiz against the powerful San Diego Stingrays.<\/h5>\n<p><!-- \/wp:heading --><!-- wp:paragraph --><\/p>\n<p>Marta and Sofi are no strangers to the court. Their history together dates back to their childhood: at just 13 years old, they won the Spanish Championship, lifting a trophy that marked the beginning of a unique sporting partnership. Today, a decade later, fate brings them together on one of the most spectacular stages in world padel.<\/p>\n<p>\u00a0<\/p>\n<p>Born in Seville on February 9, 2003, Marta has proven herself a player with great international potential. She has competed in multiple FIP tour tournaments, standing out for her consistency, poise in decisive moments, and tactical intelligence. Her natural position is on the right side of the court, where she provides stability, refined technique, and strategic ability. Under the guidance of her coaches, \u00cd\u00f1igo L\u00f3pez and Juan Manuel Rodr\u00edguez, she has climbed the world rankings, approaching the FIP Top 50.<\/p>\n<p>\u00a0<\/p>\n<p>En Canc\u00fan Waves celebramos su llegada no solo como un refuerzo deportivo, sino como un s\u00edmbolo de ilusi\u00f3n y destino compartido. Marta encarna la energ\u00eda, el talento y la mentalidad que definen a nuestro equipo: luchar cada punto con coraz\u00f3n y escribir historia junto a una afici\u00f3n que no deja de creer.<\/p>\n<p><!-- \/wp:heading --><!-- wp:paragraph --><\/p>\n<p><!-- \/wp:paragraph --><\/p>\t\t\t\t\t\t\t\t<\/div>\n\t\t\t\t<\/div>\n\t\t\t\t\t<\/div>\n\t\t<\/div>\n\t\t\t\t\t<\/div>\n\t\t<\/section>\n\t\t\t\t<section class=\"elementor-section elementor-top-section elementor-element elementor-element-6702c7e elementor-section-boxed elementor-section-height-default elementor-section-height-default sc_fly_static\" data-id=\"6702c7e\" data-element_type=\"section\" data-e-type=\"section\">\n\t\t\t\t\t\t<div class=\"elementor-container elementor-column-gap-extended\">\n\t\t\t\t\t<div class=\"elementor-column elementor-col-100 elementor-top-column elementor-element elementor-element-1dcba00 sc_content_align_inherit sc_layouts_column_icons_position_left sc_fly_static\" data-id=\"1dcba00\" data-element_type=\"column\" data-e-type=\"column\">\n\t\t\t<div class=\"elementor-widget-wrap elementor-element-populated\">\n\t\t\t\t\t\t<div class=\"elementor-element elementor-element-605242e sc_fly_static elementor-widget elementor-widget-image\" data-id=\"605242e\" data-element_type=\"widget\" data-e-type=\"widget\" data-widget_type=\"image.default\">\n\t\t\t\t<div class=\"elementor-widget-container\">\n\t\t\t\t\t\t\t\t\t\t\t\t\t\t\t<img fetchpriority=\"high\" decoding=\"async\" width=\"1024\" height=\"576\" src=\"https:\/\/cancunwaves.com\/wp-content\/uploads\/2025\/09\/marta-Borrero-Madrid-P1-2023-coup-droit-vitre-1024x576.jpg\" class=\"attachment-large size-large wp-image-45624\" alt=\"\" srcset=\"https:\/\/cancunwaves.com\/wp-content\/uploads\/2025\/09\/marta-Borrero-Madrid-P1-2023-coup-droit-vitre-1024x576.jpg 1024w, https:\/\/cancunwaves.com\/wp-content\/uploads\/2025\/09\/marta-Borrero-Madrid-P1-2023-coup-droit-vitre-300x169.jpg 300w, https:\/\/cancunwaves.com\/wp-content\/uploads\/2025\/09\/marta-Borrero-Madrid-P1-2023-coup-droit-vitre-768x432.jpg 768w, https:\/\/cancunwaves.com\/wp-content\/uploads\/2025\/09\/marta-Borrero-Madrid-P1-2023-coup-droit-vitre-18x10.jpg 18w, https:\/\/cancunwaves.com\/wp-content\/uploads\/2025\/09\/marta-Borrero-Madrid-P1-2023-coup-droit-vitre-370x208.jpg 370w, https:\/\/cancunwaves.com\/wp-content\/uploads\/2025\/09\/marta-Borrero-Madrid-P1-2023-coup-droit-vitre-840x473.jpg 840w, https:\/\/cancunwaves.com\/wp-content\/uploads\/2025\/09\/marta-Borrero-Madrid-P1-2023-coup-droit-vitre-410x231.jpg 410w, https:\/\/cancunwaves.com\/wp-content\/uploads\/2025\/09\/marta-Borrero-Madrid-P1-2023-coup-droit-vitre-500x281.jpg 500w, https:\/\/cancunwaves.com\/wp-content\/uploads\/2025\/09\/marta-Borrero-Madrid-P1-2023-coup-droit-vitre-400x225.jpg 400w, https:\/\/cancunwaves.com\/wp-content\/uploads\/2025\/09\/marta-Borrero-Madrid-P1-2023-coup-droit-vitre-32x18.jpg 32w, https:\/\/cancunwaves.com\/wp-content\/uploads\/2025\/09\/marta-Borrero-Madrid-P1-2023-coup-droit-vitre-780x439.jpg 780w, https:\/\/cancunwaves.com\/wp-content\/uploads\/2025\/09\/marta-Borrero-Madrid-P1-2023-coup-droit-vitre-270x152.jpg 270w, https:\/\/cancunwaves.com\/wp-content\/uploads\/2025\/09\/marta-Borrero-Madrid-P1-2023-coup-droit-vitre.jpg 1267w\" sizes=\"(max-width: 1024px) 100vw, 1024px\" \/>\t\t\t\t\t\t\t\t\t\t\t\t\t\t\t<\/div>\n\t\t\t\t<\/div>\n\t\t\t\t\t<\/div>\n\t\t<\/div>\n\t\t\t\t\t<\/div>\n\t\t<\/section>\n\t\t\t\t<section class=\"elementor-section elementor-top-section elementor-element elementor-element-18a6919 elementor-section-boxed elementor-section-height-default elementor-section-height-default sc_fly_static\" data-id=\"18a6919\" data-element_type=\"section\" data-e-type=\"section\">\n\t\t\t\t\t\t<div class=\"elementor-container elementor-column-gap-extended\">\n\t\t\t\t\t<div class=\"elementor-column elementor-col-100 elementor-top-column elementor-element elementor-element-250afe8 sc_content_align_inherit sc_layouts_column_icons_position_left sc_fly_static\" data-id=\"250afe8\" data-element_type=\"column\" data-e-type=\"column\">\n\t\t\t<div class=\"elementor-widget-wrap elementor-element-populated\">\n\t\t\t\t\t\t<div class=\"elementor-element elementor-element-47be00f sc_fly_static elementor-widget elementor-widget-text-editor\" data-id=\"47be00f\" data-element_type=\"widget\" data-e-type=\"widget\" data-widget_type=\"text-editor.default\">\n\t\t\t\t<div class=\"elementor-widget-container\">\n\t\t\t\t\t\t\t\t\t<p><!-- wp:heading {\"level\":5} --><\/p>\n<h5><span style=\"font-family: 'DM Sans', sans-serif; font-size: 17px; font-style: normal; font-weight: 400; color: #797c7f;\">Bienvenida a la ola, Marta.<\/span><\/h5>\n<div>\n<p style=\"font-family: 'DM Sans', sans-serif; font-size: 17px; line-height: inherit; font-weight: 400; font-style: normal; margin-top: 0px;\">Aqu\u00ed no solo jugamos al p\u00e1del: construimos identidad, inspiramos orgullo y perseguimos sue\u00f1os.<\/p>\n<p style=\"font-family: 'DM Sans', sans-serif; font-size: 17px; line-height: inherit; font-weight: 400; font-style: normal; margin-top: 0px;\">Este es tu hogar. Este es Canc\u00fan Waves.<\/p>\n<p style=\"font-family: 'DM Sans', sans-serif; font-size: 17px; line-height: inherit; font-weight: 400; font-style: normal; margin-top: 0px;\">\u00a0<\/p>\n<p style=\"font-family: 'DM Sans', sans-serif; font-size: 17px; line-height: inherit; font-weight: 400; font-style: normal; margin-top: 0px;\">\u2014 Siena Ram\u00edrez, corresponsal del equipo<\/p>\n<\/div>\n<p><!-- \/wp:heading --><!-- wp:paragraph --><\/p>\n<p><!-- \/wp:paragraph --><\/p>\t\t\t\t\t\t\t\t<\/div>\n\t\t\t\t<\/div>\n\t\t\t\t\t<\/div>\n\t\t<\/div>\n\t\t\t\t\t<\/div>\n\t\t<\/section>\n\t\t\t\t<section class=\"elementor-section elementor-top-section elementor-element elementor-element-5d8dba91 elementor-section-boxed elementor-section-height-default elementor-section-height-default sc_fly_static\" data-id=\"5d8dba91\" data-element_type=\"section\" data-e-type=\"section\">\n\t\t\t\t\t\t<div class=\"elementor-container elementor-column-gap-extended\">\n\t\t\t\t\t<div class=\"elementor-column elementor-col-100 elementor-top-column elementor-element elementor-element-42f51e16 sc_content_align_inherit sc_layouts_column_icons_position_left sc_fly_static\" data-id=\"42f51e16\" data-element_type=\"column\" data-e-type=\"column\">\n\t\t\t<div class=\"elementor-widget-wrap elementor-element-populated\">\n\t\t\t\t\t\t<div class=\"elementor-element elementor-element-444a01a6 elementor-align-center sc_fly_static elementor-widget elementor-widget-button\" data-id=\"444a01a6\" data-element_type=\"widget\" data-e-type=\"widget\" data-widget_type=\"button.default\">\n\t\t\t\t<div class=\"elementor-widget-container\">\n\t\t\t\t\t\t\t\t\t<div class=\"elementor-button-wrapper\">\n\t\t\t\t\t<a class=\"elementor-button elementor-button-link elementor-size-sm\" href=\"http:\/\/maroon-locust-396685.hostingersite.com\">\n\t\t\t\t\t\t<span class=\"elementor-button-content-wrapper\">\n\t\t\t\t\t\t<span class=\"elementor-button-icon\">\n\t\t\t\t<i aria-hidden=\"true\" class=\"fas fa-home\"><\/i>\t\t\t<\/span>\n\t\t\t\t\t\t\t\t\t<span class=\"elementor-button-text\">HOME<\/span>\n\t\t\t\t\t<\/span>\n\t\t\t\t\t<\/a>\n\t\t\t\t<\/div>\n\t\t\t\t\t\t\t\t<\/div>\n\t\t\t\t<\/div>\n\t\t\t\t\t<\/div>\n\t\t<\/div>\n\t\t\t\t\t<\/div>\n\t\t<\/section>\n\t\t\t\t<\/div>","protected":false},"excerpt":{"rendered":"<p>Canc\u00fan Waves se enorgullece en anunciar la incorporaci\u00f3n de Marta Borrero, talentosa jugadora espa\u00f1ola que se une al equipo para disputar la City\u2019s Cup Finals en Nueva York, formando&hellip;<\/p>","protected":false},"author":1,"featured_media":45609,"comment_status":"closed","ping_status":"closed","sticky":false,"template":"","format":"standard","meta":{"footnotes":""},"categories":[387],"tags":[],"class_list":["post-45619","post","type-post","status-publish","format-standard","has-post-thumbnail","hentry","category-cancunweaves"],"_links":{"self":[{"href":"https:\/\/cancunwaves.com\/en\/wp-json\/wp\/v2\/posts\/45619","targetHints":{"allow":["GET"]}}],"collection":[{"href":"https:\/\/cancunwaves.com\/en\/wp-json\/wp\/v2\/posts"}],"about":[{"href":"https:\/\/cancunwaves.com\/en\/wp-json\/wp\/v2\/types\/post"}],"author":[{"embeddable":true,"href":"https:\/\/cancunwaves.com\/en\/wp-json\/wp\/v2\/users\/1"}],"replies":[{"embeddable":true,"href":"https:\/\/cancunwaves.com\/en\/wp-json\/wp\/v2\/comments?post=45619"}],"version-history":[{"count":7,"href":"https:\/\/cancunwaves.com\/en\/wp-json\/wp\/v2\/posts\/45619\/revisions"}],"predecessor-version":[{"id":45627,"href":"https:\/\/cancunwaves.com\/en\/wp-json\/wp\/v2\/posts\/45619\/revisions\/45627"}],"wp:featuredmedia":[{"embeddable":true,"href":"https:\/\/cancunwaves.com\/en\/wp-json\/wp\/v2\/media\/45609"}],"wp:attachment":[{"href":"https:\/\/cancunwaves.com\/en\/wp-json\/wp\/v2\/media?parent=45619"}],"wp:term":[{"taxonomy":"category","embeddable":true,"href":"https:\/\/cancunwaves.com\/en\/wp-json\/wp\/v2\/categories?post=45619"},{"taxonomy":"post_tag","embeddable":true,"href":"https:\/\/cancunwaves.com\/en\/wp-json\/wp\/v2\/tags?post=45619"}],"curies":[{"name":"wp","href":"https:\/\/api.w.org\/{rel}","templated":true}]}}